{"id":195,"date":"2014-09-26T04:17:53","date_gmt":"2014-09-26T04:17:53","guid":{"rendered":"http:\/\/www.devinet.es\/blog\/?p=195"},"modified":"2014-09-26T08:38:13","modified_gmt":"2014-09-26T08:38:13","slug":"el-nuevo-iphone-6-ya-esta-aqui","status":"publish","type":"post","link":"https:\/\/www.devinet.es\/blog\/el-nuevo-iphone-6-ya-esta-aqui\/","title":{"rendered":"\u00a1El nuevo iPhone 6 ya est\u00e1 aqu\u00ed!"},"content":{"rendered":"<p>\u00a1Hola a todos!<\/p>\n<p>Por fin ha llegado el D\u00eda. Hoy viernes 26 de septiembre llega finalmente el iPhone 6 a nuestro pa\u00eds y ha generado mucha expectaci\u00f3n.<br \/>\nUn buen n\u00famero de personas llevan haciendo cola desde ayer para poder ser de los primeros en tenerlo en sus manos.<\/p>\n<p>Os adjuntamos una foto de la cola a las 6:00 AM en la Apple Store de Passeig de Gr\u00e0cia de Barcelona, donde el equipo de Devinet espera desde bien temprano para conseguirlo.<\/p>\n<p><a href=\"https:\/\/i0.wp.com\/www.devinet.es\/blog\/wp-content\/uploads\/2014\/09\/IMG_0001.jpg\"><img data-recalc-dims=\"1\" decoding=\"async\" class=\"alignnone size-full\" src=\"https:\/\/i0.wp.com\/www.devinet.es\/blog\/wp-content\/uploads\/2014\/09\/IMG_0001.jpg\" alt=\"IMG_0001.JPG\" \/><\/a><br \/>\n\u00a1Un Saludo!<\/p>\n","protected":false},"excerpt":{"rendered":"<p>\u00a1Hola a todos! Por fin ha llegado el D\u00eda. Hoy viernes 26 de septiembre llega finalmente el iPhone 6 a nuestro pa\u00eds y ha generado mucha expectaci\u00f3n. Un buen n\u00famero de personas llevan haciendo cola desde ayer para poder ser de los primeros en tenerlo en sus manos. Os adjuntamos una foto de la cola&#8230;<\/p>\n","protected":false},"author":1,"featured_media":0,"comment_status":"open","ping_status":"open","sticky":false,"template":"","format":"standard","meta":{"ngg_post_thumbnail":0,"jetpack_post_was_ever_published":false,"_jetpack_newsletter_access":"","_jetpack_dont_email_post_to_subs":false,"_jetpack_newsletter_tier_id":0,"_jetpack_memberships_contains_paywalled_content":false,"_jetpack_memberships_contains_paid_content":false,"footnotes":"","jetpack_publicize_message":"","jetpack_publicize_feature_enabled":true,"jetpack_social_post_already_shared":true,"jetpack_social_options":{"image_generator_settings":{"template":"highway","default_image_id":0,"font":"","enabled":false},"version":2}},"categories":[7,5,1],"tags":[],"class_list":["post-195","post","type-post","status-publish","format-standard","hentry","category-devinet","category-events","category-news"],"yoast_head":"<!-- This site is optimized with the Yoast SEO plugin v27.5 - https:\/\/yoast.com\/product\/yoast-seo-wordpress\/ -->\n<title>\u00a1El nuevo iPhone 6 ya est\u00e1 aqu\u00ed! - El blog de Devinet<\/title>\n<meta name=\"robots\" content=\"index, follow, max-snippet:-1, max-image-preview:large, max-video-preview:-1\" \/>\n<link rel=\"canonical\" href=\"https:\/\/www.devinet.es\/blog\/el-nuevo-iphone-6-ya-esta-aqui\/\" \/>\n<meta property=\"og:locale\" content=\"es_ES\" \/>\n<meta property=\"og:type\" content=\"article\" \/>\n<meta property=\"og:title\" content=\"\u00a1El nuevo iPhone 6 ya est\u00e1 aqu\u00ed! - El blog de Devinet\" \/>\n<meta property=\"og:description\" content=\"\u00a1Hola a todos! Por fin ha llegado el D\u00eda. Hoy viernes 26 de septiembre llega finalmente el iPhone 6 a nuestro pa\u00eds y ha generado mucha expectaci\u00f3n. Un buen n\u00famero de personas llevan haciendo cola desde ayer para poder ser de los primeros en tenerlo en sus manos. Os adjuntamos una foto de la cola...\" \/>\n<meta property=\"og:url\" content=\"https:\/\/www.devinet.es\/blog\/el-nuevo-iphone-6-ya-esta-aqui\/\" \/>\n<meta property=\"og:site_name\" content=\"El blog de Devinet\" \/>\n<meta property=\"article:published_time\" content=\"2014-09-26T04:17:53+00:00\" \/>\n<meta property=\"article:modified_time\" content=\"2014-09-26T08:38:13+00:00\" \/>\n<meta property=\"og:image\" content=\"http:\/\/www.devinet.es\/blog\/wp-content\/uploads\/2014\/09\/IMG_0001.jpg\" \/>\n<meta name=\"author\" content=\"Ra\u00fal Vidal Mui\u00f1os\" \/>\n<meta name=\"twitter:card\" content=\"summary_large_image\" \/>\n<meta name=\"twitter:label1\" content=\"Escrito por\" \/>\n\t<meta name=\"twitter:data1\" content=\"Ra\u00fal Vidal Mui\u00f1os\" \/>\n<script type=\"application\/ld+json\" class=\"yoast-schema-graph\">{\"@context\":\"https:\\\/\\\/schema.org\",\"@graph\":[{\"@type\":\"Article\",\"@id\":\"https:\\\/\\\/www.devinet.es\\\/blog\\\/el-nuevo-iphone-6-ya-esta-aqui\\\/#article\",\"isPartOf\":{\"@id\":\"https:\\\/\\\/www.devinet.es\\\/blog\\\/el-nuevo-iphone-6-ya-esta-aqui\\\/\"},\"author\":{\"name\":\"Ra\u00fal Vidal Mui\u00f1os\",\"@id\":\"https:\\\/\\\/www.devinet.es\\\/blog\\\/#\\\/schema\\\/person\\\/b7e346a5189a9742efe51f36622e2511\"},\"headline\":\"\u00a1El nuevo iPhone 6 ya est\u00e1 aqu\u00ed!\",\"datePublished\":\"2014-09-26T04:17:53+00:00\",\"dateModified\":\"2014-09-26T08:38:13+00:00\",\"mainEntityOfPage\":{\"@id\":\"https:\\\/\\\/www.devinet.es\\\/blog\\\/el-nuevo-iphone-6-ya-esta-aqui\\\/\"},\"wordCount\":90,\"commentCount\":0,\"publisher\":{\"@id\":\"https:\\\/\\\/www.devinet.es\\\/blog\\\/#organization\"},\"image\":{\"@id\":\"https:\\\/\\\/www.devinet.es\\\/blog\\\/el-nuevo-iphone-6-ya-esta-aqui\\\/#primaryimage\"},\"thumbnailUrl\":\"http:\\\/\\\/www.devinet.es\\\/blog\\\/wp-content\\\/uploads\\\/2014\\\/09\\\/IMG_0001.jpg\",\"articleSection\":[\"Devinet\",\"Eventos\",\"Not\u00edcias\"],\"inLanguage\":\"es\",\"potentialAction\":[{\"@type\":\"CommentAction\",\"name\":\"Comment\",\"target\":[\"https:\\\/\\\/www.devinet.es\\\/blog\\\/el-nuevo-iphone-6-ya-esta-aqui\\\/#respond\"]}]},{\"@type\":\"WebPage\",\"@id\":\"https:\\\/\\\/www.devinet.es\\\/blog\\\/el-nuevo-iphone-6-ya-esta-aqui\\\/\",\"url\":\"https:\\\/\\\/www.devinet.es\\\/blog\\\/el-nuevo-iphone-6-ya-esta-aqui\\\/\",\"name\":\"\u00a1El nuevo iPhone 6 ya est\u00e1 aqu\u00ed! - El blog de Devinet\",\"isPartOf\":{\"@id\":\"https:\\\/\\\/www.devinet.es\\\/blog\\\/#website\"},\"primaryImageOfPage\":{\"@id\":\"https:\\\/\\\/www.devinet.es\\\/blog\\\/el-nuevo-iphone-6-ya-esta-aqui\\\/#primaryimage\"},\"image\":{\"@id\":\"https:\\\/\\\/www.devinet.es\\\/blog\\\/el-nuevo-iphone-6-ya-esta-aqui\\\/#primaryimage\"},\"thumbnailUrl\":\"http:\\\/\\\/www.devinet.es\\\/blog\\\/wp-content\\\/uploads\\\/2014\\\/09\\\/IMG_0001.jpg\",\"datePublished\":\"2014-09-26T04:17:53+00:00\",\"dateModified\":\"2014-09-26T08:38:13+00:00\",\"breadcrumb\":{\"@id\":\"https:\\\/\\\/www.devinet.es\\\/blog\\\/el-nuevo-iphone-6-ya-esta-aqui\\\/#breadcrumb\"},\"inLanguage\":\"es\",\"potentialAction\":[{\"@type\":\"ReadAction\",\"target\":[\"https:\\\/\\\/www.devinet.es\\\/blog\\\/el-nuevo-iphone-6-ya-esta-aqui\\\/\"]}]},{\"@type\":\"ImageObject\",\"inLanguage\":\"es\",\"@id\":\"https:\\\/\\\/www.devinet.es\\\/blog\\\/el-nuevo-iphone-6-ya-esta-aqui\\\/#primaryimage\",\"url\":\"http:\\\/\\\/www.devinet.es\\\/blog\\\/wp-content\\\/uploads\\\/2014\\\/09\\\/IMG_0001.jpg\",\"contentUrl\":\"http:\\\/\\\/www.devinet.es\\\/blog\\\/wp-content\\\/uploads\\\/2014\\\/09\\\/IMG_0001.jpg\"},{\"@type\":\"BreadcrumbList\",\"@id\":\"https:\\\/\\\/www.devinet.es\\\/blog\\\/el-nuevo-iphone-6-ya-esta-aqui\\\/#breadcrumb\",\"itemListElement\":[{\"@type\":\"ListItem\",\"position\":1,\"name\":\"Portada\",\"item\":\"https:\\\/\\\/www.devinet.es\\\/blog\\\/\"},{\"@type\":\"ListItem\",\"position\":2,\"name\":\"\u00a1El nuevo iPhone 6 ya est\u00e1 aqu\u00ed!\"}]},{\"@type\":\"WebSite\",\"@id\":\"https:\\\/\\\/www.devinet.es\\\/blog\\\/#website\",\"url\":\"https:\\\/\\\/www.devinet.es\\\/blog\\\/\",\"name\":\"El blog de Devinet\",\"description\":\"Dise\u00f1o y desarrollo de aplicaciones m\u00f3viles y web\",\"publisher\":{\"@id\":\"https:\\\/\\\/www.devinet.es\\\/blog\\\/#organization\"},\"potentialAction\":[{\"@type\":\"SearchAction\",\"target\":{\"@type\":\"EntryPoint\",\"urlTemplate\":\"https:\\\/\\\/www.devinet.es\\\/blog\\\/?s={search_term_string}\"},\"query-input\":{\"@type\":\"PropertyValueSpecification\",\"valueRequired\":true,\"valueName\":\"search_term_string\"}}],\"inLanguage\":\"es\"},{\"@type\":\"Organization\",\"@id\":\"https:\\\/\\\/www.devinet.es\\\/blog\\\/#organization\",\"name\":\"Devinet 2013, S.L.U.\",\"url\":\"https:\\\/\\\/www.devinet.es\\\/blog\\\/\",\"logo\":{\"@type\":\"ImageObject\",\"inLanguage\":\"es\",\"@id\":\"https:\\\/\\\/www.devinet.es\\\/blog\\\/#\\\/schema\\\/logo\\\/image\\\/\",\"url\":\"https:\\\/\\\/i2.wp.com\\\/www.devinet.es\\\/blog\\\/wp-content\\\/uploads\\\/2014\\\/12\\\/98ef986324a7c10843b4a3206fe878531-54989f9dv1_site_icon.png?fit=512%2C512&ssl=1\",\"contentUrl\":\"https:\\\/\\\/i2.wp.com\\\/www.devinet.es\\\/blog\\\/wp-content\\\/uploads\\\/2014\\\/12\\\/98ef986324a7c10843b4a3206fe878531-54989f9dv1_site_icon.png?fit=512%2C512&ssl=1\",\"width\":512,\"height\":512,\"caption\":\"Devinet 2013, S.L.U.\"},\"image\":{\"@id\":\"https:\\\/\\\/www.devinet.es\\\/blog\\\/#\\\/schema\\\/logo\\\/image\\\/\"}},{\"@type\":\"Person\",\"@id\":\"https:\\\/\\\/www.devinet.es\\\/blog\\\/#\\\/schema\\\/person\\\/b7e346a5189a9742efe51f36622e2511\",\"name\":\"Ra\u00fal Vidal Mui\u00f1os\",\"image\":{\"@type\":\"ImageObject\",\"inLanguage\":\"es\",\"@id\":\"https:\\\/\\\/secure.gravatar.com\\\/avatar\\\/7503fe619e8e8d74ade045a3fdde0cfcb48c70641df929a6d0972b03204d7598?s=96&d=retro&r=g\",\"url\":\"https:\\\/\\\/secure.gravatar.com\\\/avatar\\\/7503fe619e8e8d74ade045a3fdde0cfcb48c70641df929a6d0972b03204d7598?s=96&d=retro&r=g\",\"contentUrl\":\"https:\\\/\\\/secure.gravatar.com\\\/avatar\\\/7503fe619e8e8d74ade045a3fdde0cfcb48c70641df929a6d0972b03204d7598?s=96&d=retro&r=g\",\"caption\":\"Ra\u00fal Vidal Mui\u00f1os\"},\"sameAs\":[\"http:\\\/\\\/www.devinet.es\"],\"url\":\"https:\\\/\\\/www.devinet.es\\\/blog\\\/author\\\/kou\\\/\"}]}<\/script>\n<!-- \/ Yoast SEO plugin. -->","yoast_head_json":{"title":"\u00a1El nuevo iPhone 6 ya est\u00e1 aqu\u00ed! - El blog de Devinet","robots":{"index":"index","follow":"follow","max-snippet":"max-snippet:-1","max-image-preview":"max-image-preview:large","max-video-preview":"max-video-preview:-1"},"canonical":"https:\/\/www.devinet.es\/blog\/el-nuevo-iphone-6-ya-esta-aqui\/","og_locale":"es_ES","og_type":"article","og_title":"\u00a1El nuevo iPhone 6 ya est\u00e1 aqu\u00ed! - El blog de Devinet","og_description":"\u00a1Hola a todos! Por fin ha llegado el D\u00eda. Hoy viernes 26 de septiembre llega finalmente el iPhone 6 a nuestro pa\u00eds y ha generado mucha expectaci\u00f3n. Un buen n\u00famero de personas llevan haciendo cola desde ayer para poder ser de los primeros en tenerlo en sus manos. Os adjuntamos una foto de la cola...","og_url":"https:\/\/www.devinet.es\/blog\/el-nuevo-iphone-6-ya-esta-aqui\/","og_site_name":"El blog de Devinet","article_published_time":"2014-09-26T04:17:53+00:00","article_modified_time":"2014-09-26T08:38:13+00:00","og_image":[{"url":"http:\/\/www.devinet.es\/blog\/wp-content\/uploads\/2014\/09\/IMG_0001.jpg","type":"","width":"","height":""}],"author":"Ra\u00fal Vidal Mui\u00f1os","twitter_card":"summary_large_image","twitter_misc":{"Escrito por":"Ra\u00fal Vidal Mui\u00f1os"},"schema":{"@context":"https:\/\/schema.org","@graph":[{"@type":"Article","@id":"https:\/\/www.devinet.es\/blog\/el-nuevo-iphone-6-ya-esta-aqui\/#article","isPartOf":{"@id":"https:\/\/www.devinet.es\/blog\/el-nuevo-iphone-6-ya-esta-aqui\/"},"author":{"name":"Ra\u00fal Vidal Mui\u00f1os","@id":"https:\/\/www.devinet.es\/blog\/#\/schema\/person\/b7e346a5189a9742efe51f36622e2511"},"headline":"\u00a1El nuevo iPhone 6 ya est\u00e1 aqu\u00ed!","datePublished":"2014-09-26T04:17:53+00:00","dateModified":"2014-09-26T08:38:13+00:00","mainEntityOfPage":{"@id":"https:\/\/www.devinet.es\/blog\/el-nuevo-iphone-6-ya-esta-aqui\/"},"wordCount":90,"commentCount":0,"publisher":{"@id":"https:\/\/www.devinet.es\/blog\/#organization"},"image":{"@id":"https:\/\/www.devinet.es\/blog\/el-nuevo-iphone-6-ya-esta-aqui\/#primaryimage"},"thumbnailUrl":"http:\/\/www.devinet.es\/blog\/wp-content\/uploads\/2014\/09\/IMG_0001.jpg","articleSection":["Devinet","Eventos","Not\u00edcias"],"inLanguage":"es","potentialAction":[{"@type":"CommentAction","name":"Comment","target":["https:\/\/www.devinet.es\/blog\/el-nuevo-iphone-6-ya-esta-aqui\/#respond"]}]},{"@type":"WebPage","@id":"https:\/\/www.devinet.es\/blog\/el-nuevo-iphone-6-ya-esta-aqui\/","url":"https:\/\/www.devinet.es\/blog\/el-nuevo-iphone-6-ya-esta-aqui\/","name":"\u00a1El nuevo iPhone 6 ya est\u00e1 aqu\u00ed! - El blog de Devinet","isPartOf":{"@id":"https:\/\/www.devinet.es\/blog\/#website"},"primaryImageOfPage":{"@id":"https:\/\/www.devinet.es\/blog\/el-nuevo-iphone-6-ya-esta-aqui\/#primaryimage"},"image":{"@id":"https:\/\/www.devinet.es\/blog\/el-nuevo-iphone-6-ya-esta-aqui\/#primaryimage"},"thumbnailUrl":"http:\/\/www.devinet.es\/blog\/wp-content\/uploads\/2014\/09\/IMG_0001.jpg","datePublished":"2014-09-26T04:17:53+00:00","dateModified":"2014-09-26T08:38:13+00:00","breadcrumb":{"@id":"https:\/\/www.devinet.es\/blog\/el-nuevo-iphone-6-ya-esta-aqui\/#breadcrumb"},"inLanguage":"es","potentialAction":[{"@type":"ReadAction","target":["https:\/\/www.devinet.es\/blog\/el-nuevo-iphone-6-ya-esta-aqui\/"]}]},{"@type":"ImageObject","inLanguage":"es","@id":"https:\/\/www.devinet.es\/blog\/el-nuevo-iphone-6-ya-esta-aqui\/#primaryimage","url":"http:\/\/www.devinet.es\/blog\/wp-content\/uploads\/2014\/09\/IMG_0001.jpg","contentUrl":"http:\/\/www.devinet.es\/blog\/wp-content\/uploads\/2014\/09\/IMG_0001.jpg"},{"@type":"BreadcrumbList","@id":"https:\/\/www.devinet.es\/blog\/el-nuevo-iphone-6-ya-esta-aqui\/#breadcrumb","itemListElement":[{"@type":"ListItem","position":1,"name":"Portada","item":"https:\/\/www.devinet.es\/blog\/"},{"@type":"ListItem","position":2,"name":"\u00a1El nuevo iPhone 6 ya est\u00e1 aqu\u00ed!"}]},{"@type":"WebSite","@id":"https:\/\/www.devinet.es\/blog\/#website","url":"https:\/\/www.devinet.es\/blog\/","name":"El blog de Devinet","description":"Dise\u00f1o y desarrollo de aplicaciones m\u00f3viles y web","publisher":{"@id":"https:\/\/www.devinet.es\/blog\/#organization"},"potentialAction":[{"@type":"SearchAction","target":{"@type":"EntryPoint","urlTemplate":"https:\/\/www.devinet.es\/blog\/?s={search_term_string}"},"query-input":{"@type":"PropertyValueSpecification","valueRequired":true,"valueName":"search_term_string"}}],"inLanguage":"es"},{"@type":"Organization","@id":"https:\/\/www.devinet.es\/blog\/#organization","name":"Devinet 2013, S.L.U.","url":"https:\/\/www.devinet.es\/blog\/","logo":{"@type":"ImageObject","inLanguage":"es","@id":"https:\/\/www.devinet.es\/blog\/#\/schema\/logo\/image\/","url":"https:\/\/i2.wp.com\/www.devinet.es\/blog\/wp-content\/uploads\/2014\/12\/98ef986324a7c10843b4a3206fe878531-54989f9dv1_site_icon.png?fit=512%2C512&ssl=1","contentUrl":"https:\/\/i2.wp.com\/www.devinet.es\/blog\/wp-content\/uploads\/2014\/12\/98ef986324a7c10843b4a3206fe878531-54989f9dv1_site_icon.png?fit=512%2C512&ssl=1","width":512,"height":512,"caption":"Devinet 2013, S.L.U."},"image":{"@id":"https:\/\/www.devinet.es\/blog\/#\/schema\/logo\/image\/"}},{"@type":"Person","@id":"https:\/\/www.devinet.es\/blog\/#\/schema\/person\/b7e346a5189a9742efe51f36622e2511","name":"Ra\u00fal Vidal Mui\u00f1os","image":{"@type":"ImageObject","inLanguage":"es","@id":"https:\/\/secure.gravatar.com\/avatar\/7503fe619e8e8d74ade045a3fdde0cfcb48c70641df929a6d0972b03204d7598?s=96&d=retro&r=g","url":"https:\/\/secure.gravatar.com\/avatar\/7503fe619e8e8d74ade045a3fdde0cfcb48c70641df929a6d0972b03204d7598?s=96&d=retro&r=g","contentUrl":"https:\/\/secure.gravatar.com\/avatar\/7503fe619e8e8d74ade045a3fdde0cfcb48c70641df929a6d0972b03204d7598?s=96&d=retro&r=g","caption":"Ra\u00fal Vidal Mui\u00f1os"},"sameAs":["http:\/\/www.devinet.es"],"url":"https:\/\/www.devinet.es\/blog\/author\/kou\/"}]}},"jetpack_publicize_connections":[],"jetpack_featured_media_url":"","jetpack_sharing_enabled":true,"jetpack_shortlink":"https:\/\/wp.me\/p4pwkm-39","jetpack-related-posts":[{"id":199,"url":"https:\/\/www.devinet.es\/blog\/unboxing-del-iphone-6\/","url_meta":{"origin":195,"position":0},"title":"Unboxing del iPhone 6","author":"Ra\u00fal Vidal Mui\u00f1os","date":"septiembre 26, 2014","format":false,"excerpt":"\u00a1En Devinet ya estamos listos para empezar a desarrollar con los nuevos iPhones! Os mostramos el Unboxing del dispositivo directamente desde la Apple Store de Barcelona. https:\/\/www.youtube.com\/watch?v=TxmvkLiEmSE&feature=youtu.be Un saludo,","rel":"","context":"En \u00abDevinet\u00bb","block_context":{"text":"Devinet","link":"https:\/\/www.devinet.es\/blog\/category\/devinet\/"},"img":{"alt_text":"","src":"https:\/\/i0.wp.com\/img.youtube.com\/vi\/TxmvkLiEmSE\/0.jpg?resize=350%2C200","width":350,"height":200},"classes":[]},{"id":501,"url":"https:\/\/www.devinet.es\/blog\/youtrend-los-mejores-videos-del-momento\/","url_meta":{"origin":195,"position":1},"title":"YouTrend &#8211; Los mejores v\u00eddeos del momento","author":"Cristina Rodr\u00edguez Amor\u00f3s","date":"agosto 31, 2016","format":false,"excerpt":"En Devinet, hemos estado trabajando con mucha ilusi\u00f3n en una nueva App, YouTrend, y por fin, ya est\u00e1 disponible en la Store para iPhone e iPad. YouTrend, tiene como objetivo principal mostrar los v\u00eddeos de YouTube m\u00e1s Trending del momento, de manera ordenada y clasificados por categor\u00edas, para que puedas\u2026","rel":"","context":"En \u00abApps\u00bb","block_context":{"text":"Apps","link":"https:\/\/www.devinet.es\/blog\/category\/app\/"},"img":{"alt_text":"iPhoneTouTrend","src":"https:\/\/i0.wp.com\/www.devinet.es\/blog\/wp-content\/uploads\/2016\/08\/iPhoneTouTrend-890x1024.png?resize=350%2C200","width":350,"height":200,"srcset":"https:\/\/i0.wp.com\/www.devinet.es\/blog\/wp-content\/uploads\/2016\/08\/iPhoneTouTrend-890x1024.png?resize=350%2C200 1x, https:\/\/i0.wp.com\/www.devinet.es\/blog\/wp-content\/uploads\/2016\/08\/iPhoneTouTrend-890x1024.png?resize=525%2C300 1.5x"},"classes":[]},{"id":517,"url":"https:\/\/www.devinet.es\/blog\/keynote-de-apple-iphone-7-apple-watch-series-2-super-mario-run-y-mucho-mas\/","url_meta":{"origin":195,"position":2},"title":"\u00a1Keynote de Apple!  iPhone 7, Apple Watch series 2, Super Mario Run y mucho m\u00e1s","author":"Cristina Rodr\u00edguez Amor\u00f3s","date":"septiembre 8, 2016","format":false,"excerpt":"En la Keynote de Apple anunciaron muchas novedades interesantes, os comentamos las m\u00e1s destacadas: \u00a0El iPhone\u00a07: \u00a1Resistente al agua y a las salpicaduras! Contendr\u00e1 considerables mejoras de rendimiento y autonom\u00eda, as\u00ed como un nuevo sistema avanzado de c\u00e1maras, en el caso del iPhone 7 Plus tendr\u00e1\u00a0una C\u00e1mara dual de 12\u2026","rel":"","context":"En \u00abDevinet\u00bb","block_context":{"text":"Devinet","link":"https:\/\/www.devinet.es\/blog\/category\/devinet\/"},"img":{"alt_text":"Apple Special Event","src":"https:\/\/i0.wp.com\/www.devinet.es\/blog\/wp-content\/uploads\/2016\/09\/Captura-de-pantalla-2016-09-08-a-las-10.57.44-1024x612.png?resize=350%2C200","width":350,"height":200,"srcset":"https:\/\/i0.wp.com\/www.devinet.es\/blog\/wp-content\/uploads\/2016\/09\/Captura-de-pantalla-2016-09-08-a-las-10.57.44-1024x612.png?resize=350%2C200 1x, https:\/\/i0.wp.com\/www.devinet.es\/blog\/wp-content\/uploads\/2016\/09\/Captura-de-pantalla-2016-09-08-a-las-10.57.44-1024x612.png?resize=525%2C300 1.5x"},"classes":[]},{"id":488,"url":"https:\/\/www.devinet.es\/blog\/stepper-rank-suma-pasos-para-una-vida-saludable\/","url_meta":{"origin":195,"position":3},"title":"Stepper Rank &#8211; Suma pasos para una vida saludable","author":"Cristina Rodr\u00edguez Amor\u00f3s","date":"junio 23, 2016","format":false,"excerpt":"\u00a1Stepper Rank, la nueva App de Devinet ya est\u00e1 disponible en iOS! Con Stepper Rank\u00a0podr\u00e1s registrar tus pasos, medir tu progreso diario y consultar tu evoluci\u00f3n mediante estad\u00edsticas, lo cu\u00e1l te ayudar\u00e1 a motivarte y alcanzar tus objetivos para mantenerte en forma. Se integra con HealthKit de Apple y dispone\u2026","rel":"","context":"En \u00abApps\u00bb","block_context":{"text":"Apps","link":"https:\/\/www.devinet.es\/blog\/category\/app\/"},"img":{"alt_text":"Stepper promo","src":"https:\/\/i0.wp.com\/www.devinet.es\/blog\/wp-content\/uploads\/2016\/06\/Stepper-promo-890x1024.png?resize=350%2C200","width":350,"height":200,"srcset":"https:\/\/i0.wp.com\/www.devinet.es\/blog\/wp-content\/uploads\/2016\/06\/Stepper-promo-890x1024.png?resize=350%2C200 1x, https:\/\/i0.wp.com\/www.devinet.es\/blog\/wp-content\/uploads\/2016\/06\/Stepper-promo-890x1024.png?resize=525%2C300 1.5x"},"classes":[]},{"id":240,"url":"https:\/\/www.devinet.es\/blog\/bcnquiz-esta-arrasando\/","url_meta":{"origin":195,"position":4},"title":"\u00a1BCNQuiz est\u00e1 arrasando!","author":"Cristina Rodr\u00edguez Amor\u00f3s","date":"marzo 18, 2015","format":false,"excerpt":"https:\/\/www.youtube.com\/watch?v=ArJg8XUgF3E Buenos d\u00edas a todos! Ya est\u00e1 disponible en las Stores BCNQuiz, una aplicaci\u00f3n de la mano de la Editorial Base y con la colaboraci\u00f3n del Ayuntamiento de Barcelona y la Generalitat de Catalunya, la cu\u00e1l ha sido desarrollada aqu\u00ed, en Devinet, con la ilusi\u00f3n e implicaci\u00f3n de todos los\u2026","rel":"","context":"En \u00abApps\u00bb","block_context":{"text":"Apps","link":"https:\/\/www.devinet.es\/blog\/category\/app\/"},"img":{"alt_text":"BCNQuiz","src":"https:\/\/i0.wp.com\/www.devinet.es\/blog\/wp-content\/uploads\/2015\/03\/appStore.png?resize=350%2C200","width":350,"height":200},"classes":[]},{"id":401,"url":"https:\/\/www.devinet.es\/blog\/vive-la-magia-de-la-navidad-en-canyelles\/","url_meta":{"origin":195,"position":5},"title":"\u00a1Vive la magia de la navidad en Canyelles!","author":"Cristina Rodr\u00edguez Amor\u00f3s","date":"diciembre 5, 2015","format":false,"excerpt":"\u00a0 \u00a0 \u00a0 Durante los dias 5 y 6 de diciembre se celebra en Canyelles la Feria de Santa Luc\u00eda, un referente en toda Catalunya con m\u00e1s de 350 paradas dedicadas a la navidad. Al pasear por la feria podr\u00e9is observar las calles decoradas con luces navide\u00f1as y curiosear por\u2026","rel":"","context":"En \u00abApps\u00bb","block_context":{"text":"Apps","link":"https:\/\/www.devinet.es\/blog\/category\/app\/"},"img":{"alt_text":"2015_FSL_Separador","src":"https:\/\/i0.wp.com\/www.devinet.es\/blog\/wp-content\/uploads\/2015\/12\/2015_FSL_Separador.png?resize=350%2C200","width":350,"height":200},"classes":[]}],"_links":{"self":[{"href":"https:\/\/www.devinet.es\/blog\/wp-json\/wp\/v2\/posts\/195","targetHints":{"allow":["GET"]}}],"collection":[{"href":"https:\/\/www.devinet.es\/blog\/wp-json\/wp\/v2\/posts"}],"about":[{"href":"https:\/\/www.devinet.es\/blog\/wp-json\/wp\/v2\/types\/post"}],"author":[{"embeddable":true,"href":"https:\/\/www.devinet.es\/blog\/wp-json\/wp\/v2\/users\/1"}],"replies":[{"embeddable":true,"href":"https:\/\/www.devinet.es\/blog\/wp-json\/wp\/v2\/comments?post=195"}],"version-history":[{"count":2,"href":"https:\/\/www.devinet.es\/blog\/wp-json\/wp\/v2\/posts\/195\/revisions"}],"predecessor-version":[{"id":204,"href":"https:\/\/www.devinet.es\/blog\/wp-json\/wp\/v2\/posts\/195\/revisions\/204"}],"wp:attachment":[{"href":"https:\/\/www.devinet.es\/blog\/wp-json\/wp\/v2\/media?parent=195"}],"wp:term":[{"taxonomy":"category","embeddable":true,"href":"https:\/\/www.devinet.es\/blog\/wp-json\/wp\/v2\/categories?post=195"},{"taxonomy":"post_tag","embeddable":true,"href":"https:\/\/www.devinet.es\/blog\/wp-json\/wp\/v2\/tags?post=195"}],"curies":[{"name":"wp","href":"https:\/\/api.w.org\/{rel}","templated":true}]}}